{"id":5837,"date":"2021-07-30T13:34:40","date_gmt":"2021-07-30T13:34:40","guid":{"rendered":"https:\/\/green-loop.com\/eng\/?p=5837"},"modified":"2021-07-30T13:34:44","modified_gmt":"2021-07-30T13:34:44","slug":"thirty-years-of-the-green-constitution","status":"publish","type":"post","link":"https:\/\/green-loop.com\/eng\/sin-categoria\/thirty-years-of-the-green-constitution\/","title":{"rendered":"Thirty years of the Green Constitution"},"content":{"rendered":"\n<p>In this year 2021, in the midst of great difficulties in various fields of life in our country, Colombia celebrates 30 years of the 1991 Constitution, which has been called by many the Ecological Constitution, given the novel and transcendental exaltation it makes of the greatest natural wealth of the planet, and of our diversity of ethnicities, languages and cultures.<\/p>\n\n\n\n<p>This Constitution was the result of an initiative of groups of young university students who succeeded in getting the country to convene a National Constituent Assembly to replace the Constitution of 1886 and its various reforms.<\/p>\n\n\n\n<p>The environmental content of the new Constitution is enormously valuable and novel, since until then Colombia&#8217;s Constitutions lacked recognition of the country&#8217;s natural and cultural heritage. Only a few norms that can be read from an environmental perspective spoke of the attributions of Congress to regulate the bald\u00edos in Colombia, or the competencies of the departmental assemblies on the colonization of departmental lands, or a recurring theme that refers to the opening of roads and navigable canals, construction of railroads, exploitation of forests and canalization of rivers.<\/p>\n\n\n\n<figure class=\"wp-block-image size-large is-resized\"><img fetchpriority=\"high\" decoding=\"async\" src=\"https:\/\/green-loop.com\/eng\/wp-content\/uploads\/2021\/07\/laguna-1418870_1920-1536x1024-1-1024x683.jpg\" alt=\"\" class=\"wp-image-5839\" width=\"547\" height=\"364\" srcset=\"https:\/\/green-loop.com\/eng\/wp-content\/uploads\/2021\/07\/laguna-1418870_1920-1536x1024-1-1024x683.jpg 1024w, https:\/\/green-loop.com\/eng\/wp-content\/uploads\/2021\/07\/laguna-1418870_1920-1536x1024-1-300x200.jpg 300w, https:\/\/green-loop.com\/eng\/wp-content\/uploads\/2021\/07\/laguna-1418870_1920-1536x1024-1-768x512.jpg 768w, https:\/\/green-loop.com\/eng\/wp-content\/uploads\/2021\/07\/laguna-1418870_1920-1536x1024-1.jpg 1536w\" sizes=\"(max-width: 547px) 100vw, 547px\" \/><\/figure>\n\n\n\n<p>It was the event that made the environment an issue of international relevance. It claimed the fundamental right to enjoy adequate living conditions in an environment of such quality as to permit a life of dignity and well-being, and defended the solemn obligation to protect and improve the environment for present and future generations.<\/p>\n\n\n\n<p>The overexploitation of natural ecosystems and the ecological crisis are a social, moral, economic and political problem that involves the public authorities, that concerns the rights and duties of the governed, and their defense is one of the basic objectives of the State. The constitutional law of the new millennium reflects this new reality. That is why recent constitutions include this important topic. In Colombia, it was also indispensable to recognize the special and exceptional rights of ethnic groups; of customs that are different from those of the majority; of ancestral communities, of their languages and dialects. The Constitution declares that the State recognizes and protects the ethnic and cultural diversity of the Colombian Nation.<\/p>\n\n\n\n<figure class=\"wp-block-image size-large is-resized\"><img decoding=\"async\" src=\"https:\/\/green-loop.com\/eng\/wp-content\/uploads\/2021\/07\/quindio-3977049_1920-1536x1017-1-1024x678.jpg\" alt=\"\" class=\"wp-image-5840\" width=\"554\" height=\"366\" srcset=\"https:\/\/green-loop.com\/eng\/wp-content\/uploads\/2021\/07\/quindio-3977049_1920-1536x1017-1-1024x678.jpg 1024w, https:\/\/green-loop.com\/eng\/wp-content\/uploads\/2021\/07\/quindio-3977049_1920-1536x1017-1-300x199.jpg 300w, https:\/\/green-loop.com\/eng\/wp-content\/uploads\/2021\/07\/quindio-3977049_1920-1536x1017-1-768x509.jpg 768w, https:\/\/green-loop.com\/eng\/wp-content\/uploads\/2021\/07\/quindio-3977049_1920-1536x1017-1.jpg 1536w\" sizes=\"(max-width: 554px) 100vw, 554px\" \/><\/figure>\n\n\n\n<p><\/p>\n\n\n\n<p>\u00a1Los constituyentes de 1991 estuvieron a la altura de esta responsabilidad! Redactaron una Constituci\u00f3n con audacia, sin temor a hacer cambios trascendentales y de fondo. \u00a1Un avance gigantesco! Ha dicho la Corte Constitucional que la Constituci\u00f3n modific\u00f3 profundamente la relaci\u00f3n normativa de la sociedad con la naturaleza. As\u00ed pues, lo que nos corresponde, es apreciar la Constituci\u00f3n y aplicarla.<\/p>\n\n\n\n<p>Articulo tomado de: <a href=\"http:\/\/: https:\/\/www.semana.com\/mejor-colombia\/articulo\/treinta-anos-de-la-constitucion-verde-el-reconocimiento-constitucional-del-patrimonio-natural-y-cultural-de-colombia\/202100\/\">http:\/\/: https:\/\/www.semana.com\/mejor-colombia\/articulo\/treinta-anos-de-la-constitucion-verde-el-reconocimiento-constitucional-del-patrimonio-natural-y-cultural-de-colombia\/202100\/<\/a><\/p>\n","protected":false},"excerpt":{"rendered":"<p>In this year 2021, in the midst of great difficulties in various fields of life in our country, Colombia celebrates 30 years of the 1991 Constitution, which has been called by many the Ecological Constitution, given the novel and transcendental exaltation it makes of the greatest natural wealth of the planet, and of our diversity [&hellip;]<\/p>\n","protected":false},"author":1,"featured_media":5838,"comment_status":"open","ping_status":"open","sticky":false,"template":"","format":"standard","meta":{"footnotes":""},"categories":[1],"tags":[],"class_list":["post-5837","post","type-post","status-publish","format-standard","has-post-thumbnail","hentry","category-sin-categoria"],"yoast_head":"<!-- This site is optimized with the Yoast SEO plugin v25.8 - https:\/\/yoast.com\/wordpress\/plugins\/seo\/ -->\n<title>Thirty years of the Green Constitution - Green Loop<\/title>\n<meta name=\"robots\" content=\"index, follow, max-snippet:-1, max-image-preview:large, max-video-preview:-1\" \/>\n<link rel=\"canonical\" href=\"https:\/\/green-loop.com\/eng\/sin-categoria\/thirty-years-of-the-green-constitution\/\" \/>\n<meta property=\"og:locale\" content=\"es_ES\" \/>\n<meta property=\"og:type\" content=\"article\" \/>\n<meta property=\"og:title\" content=\"Thirty years of the Green Constitution - Green Loop\" \/>\n<meta property=\"og:description\" content=\"In this year 2021, in the midst of great difficulties in various fields of life in our country, Colombia celebrates 30 years of the 1991 Constitution, which has been called by many the Ecological Constitution, given the novel and transcendental exaltation it makes of the greatest natural wealth of the planet, and of our diversity [&hellip;]\" \/>\n<meta property=\"og:url\" content=\"https:\/\/green-loop.com\/eng\/sin-categoria\/thirty-years-of-the-green-constitution\/\" \/>\n<meta property=\"og:site_name\" content=\"Green Loop\" \/>\n<meta property=\"article:published_time\" content=\"2021-07-30T13:34:40+00:00\" \/>\n<meta property=\"article:modified_time\" content=\"2021-07-30T13:34:44+00:00\" \/>\n<meta property=\"og:image\" content=\"https:\/\/green-loop.com\/eng\/wp-content\/uploads\/2021\/07\/colombia-national-flag-isolated-3d-white-background-1.jpg\" \/>\n\t<meta property=\"og:image:width\" content=\"1000\" \/>\n\t<meta property=\"og:image:height\" content=\"538\" \/>\n\t<meta property=\"og:image:type\" content=\"image\/jpeg\" \/>\n<meta name=\"author\" content=\"GreenLUser\" \/>\n<meta name=\"twitter:card\" content=\"summary_large_image\" \/>\n<meta name=\"twitter:label1\" content=\"Escrito por\" \/>\n\t<meta name=\"twitter:data1\" content=\"GreenLUser\" \/>\n\t<meta name=\"twitter:label2\" content=\"Tiempo de lectura\" \/>\n\t<meta name=\"twitter:data2\" content=\"2 minutos\" \/>\n<script type=\"application\/ld+json\" class=\"yoast-schema-graph\">{\"@context\":\"https:\/\/schema.org\",\"@graph\":[{\"@type\":\"Article\",\"@id\":\"https:\/\/green-loop.com\/eng\/sin-categoria\/thirty-years-of-the-green-constitution\/#article\",\"isPartOf\":{\"@id\":\"https:\/\/green-loop.com\/eng\/sin-categoria\/thirty-years-of-the-green-constitution\/\"},\"author\":{\"name\":\"GreenLUser\",\"@id\":\"https:\/\/green-loop.com\/eng\/#\/schema\/person\/fd64065343144569b2a168a8761933d4\"},\"headline\":\"Thirty years of the Green Constitution\",\"datePublished\":\"2021-07-30T13:34:40+00:00\",\"dateModified\":\"2021-07-30T13:34:44+00:00\",\"mainEntityOfPage\":{\"@id\":\"https:\/\/green-loop.com\/eng\/sin-categoria\/thirty-years-of-the-green-constitution\/\"},\"wordCount\":430,\"commentCount\":0,\"publisher\":{\"@id\":\"https:\/\/green-loop.com\/eng\/#organization\"},\"image\":{\"@id\":\"https:\/\/green-loop.com\/eng\/sin-categoria\/thirty-years-of-the-green-constitution\/#primaryimage\"},\"thumbnailUrl\":\"https:\/\/green-loop.com\/eng\/wp-content\/uploads\/2021\/07\/colombia-national-flag-isolated-3d-white-background-1.jpg\",\"inLanguage\":\"es\",\"potentialAction\":[{\"@type\":\"CommentAction\",\"name\":\"Comment\",\"target\":[\"https:\/\/green-loop.com\/eng\/sin-categoria\/thirty-years-of-the-green-constitution\/#respond\"]}]},{\"@type\":\"WebPage\",\"@id\":\"https:\/\/green-loop.com\/eng\/sin-categoria\/thirty-years-of-the-green-constitution\/\",\"url\":\"https:\/\/green-loop.com\/eng\/sin-categoria\/thirty-years-of-the-green-constitution\/\",\"name\":\"Thirty years of the Green Constitution - Green Loop\",\"isPartOf\":{\"@id\":\"https:\/\/green-loop.com\/eng\/#website\"},\"primaryImageOfPage\":{\"@id\":\"https:\/\/green-loop.com\/eng\/sin-categoria\/thirty-years-of-the-green-constitution\/#primaryimage\"},\"image\":{\"@id\":\"https:\/\/green-loop.com\/eng\/sin-categoria\/thirty-years-of-the-green-constitution\/#primaryimage\"},\"thumbnailUrl\":\"https:\/\/green-loop.com\/eng\/wp-content\/uploads\/2021\/07\/colombia-national-flag-isolated-3d-white-background-1.jpg\",\"datePublished\":\"2021-07-30T13:34:40+00:00\",\"dateModified\":\"2021-07-30T13:34:44+00:00\",\"breadcrumb\":{\"@id\":\"https:\/\/green-loop.com\/eng\/sin-categoria\/thirty-years-of-the-green-constitution\/#breadcrumb\"},\"inLanguage\":\"es\",\"potentialAction\":[{\"@type\":\"ReadAction\",\"target\":[\"https:\/\/green-loop.com\/eng\/sin-categoria\/thirty-years-of-the-green-constitution\/\"]}]},{\"@type\":\"ImageObject\",\"inLanguage\":\"es\",\"@id\":\"https:\/\/green-loop.com\/eng\/sin-categoria\/thirty-years-of-the-green-constitution\/#primaryimage\",\"url\":\"https:\/\/green-loop.com\/eng\/wp-content\/uploads\/2021\/07\/colombia-national-flag-isolated-3d-white-background-1.jpg\",\"contentUrl\":\"https:\/\/green-loop.com\/eng\/wp-content\/uploads\/2021\/07\/colombia-national-flag-isolated-3d-white-background-1.jpg\",\"width\":1000,\"height\":538,\"caption\":\"Colombia National Flag Isolated 3D White Background\"},{\"@type\":\"BreadcrumbList\",\"@id\":\"https:\/\/green-loop.com\/eng\/sin-categoria\/thirty-years-of-the-green-constitution\/#breadcrumb\",\"itemListElement\":[{\"@type\":\"ListItem\",\"position\":1,\"name\":\"Portada\",\"item\":\"https:\/\/green-loop.com\/eng\/\"},{\"@type\":\"ListItem\",\"position\":2,\"name\":\"Thirty years of the Green Constitution\"}]},{\"@type\":\"WebSite\",\"@id\":\"https:\/\/green-loop.com\/eng\/#website\",\"url\":\"https:\/\/green-loop.com\/eng\/\",\"name\":\"Green Loop\",\"description\":\"Sustainable Architecture &amp; Engineering\",\"publisher\":{\"@id\":\"https:\/\/green-loop.com\/eng\/#organization\"},\"potentialAction\":[{\"@type\":\"SearchAction\",\"target\":{\"@type\":\"EntryPoint\",\"urlTemplate\":\"https:\/\/green-loop.com\/eng\/?s={search_term_string}\"},\"query-input\":{\"@type\":\"PropertyValueSpecification\",\"valueRequired\":true,\"valueName\":\"search_term_string\"}}],\"inLanguage\":\"es\"},{\"@type\":\"Organization\",\"@id\":\"https:\/\/green-loop.com\/eng\/#organization\",\"name\":\"Green Loop\",\"url\":\"https:\/\/green-loop.com\/eng\/\",\"logo\":{\"@type\":\"ImageObject\",\"inLanguage\":\"es\",\"@id\":\"https:\/\/green-loop.com\/eng\/#\/schema\/logo\/image\/\",\"url\":\"https:\/\/green-loop.com\/eng\/wp-content\/uploads\/2020\/10\/Logo-Principal-sin-since-blanco-fondo-transparente-copy-2.jpg\",\"contentUrl\":\"https:\/\/green-loop.com\/eng\/wp-content\/uploads\/2020\/10\/Logo-Principal-sin-since-blanco-fondo-transparente-copy-2.jpg\",\"width\":844,\"height\":485,\"caption\":\"Green Loop\"},\"image\":{\"@id\":\"https:\/\/green-loop.com\/eng\/#\/schema\/logo\/image\/\"},\"sameAs\":[\"https:\/\/www.instagram.com\/greenloopltda\/\",\"https:\/\/www.linkedin.com\/company\/2391124\/admin\/feed\/posts\/\"]},{\"@type\":\"Person\",\"@id\":\"https:\/\/green-loop.com\/eng\/#\/schema\/person\/fd64065343144569b2a168a8761933d4\",\"name\":\"GreenLUser\",\"image\":{\"@type\":\"ImageObject\",\"inLanguage\":\"es\",\"@id\":\"https:\/\/green-loop.com\/eng\/#\/schema\/person\/image\/\",\"url\":\"https:\/\/secure.gravatar.com\/avatar\/fccc65f8c80efc85058eb4efa47e3b281323ec2de76fae98de4e7bcd675c9625?s=96&d=mm&r=g\",\"contentUrl\":\"https:\/\/secure.gravatar.com\/avatar\/fccc65f8c80efc85058eb4efa47e3b281323ec2de76fae98de4e7bcd675c9625?s=96&d=mm&r=g\",\"caption\":\"GreenLUser\"},\"sameAs\":[\"https:\/\/190.147.155.248\/~amdcep\/greenloop\"],\"url\":\"https:\/\/green-loop.com\/eng\/author\/greenluser\/\"}]}<\/script>\n<!-- \/ Yoast SEO plugin. -->","yoast_head_json":{"title":"Thirty years of the Green Constitution - Green Loop","robots":{"index":"index","follow":"follow","max-snippet":"max-snippet:-1","max-image-preview":"max-image-preview:large","max-video-preview":"max-video-preview:-1"},"canonical":"https:\/\/green-loop.com\/eng\/sin-categoria\/thirty-years-of-the-green-constitution\/","og_locale":"es_ES","og_type":"article","og_title":"Thirty years of the Green Constitution - Green Loop","og_description":"In this year 2021, in the midst of great difficulties in various fields of life in our country, Colombia celebrates 30 years of the 1991 Constitution, which has been called by many the Ecological Constitution, given the novel and transcendental exaltation it makes of the greatest natural wealth of the planet, and of our diversity [&hellip;]","og_url":"https:\/\/green-loop.com\/eng\/sin-categoria\/thirty-years-of-the-green-constitution\/","og_site_name":"Green Loop","article_published_time":"2021-07-30T13:34:40+00:00","article_modified_time":"2021-07-30T13:34:44+00:00","og_image":[{"width":1000,"height":538,"url":"https:\/\/green-loop.com\/eng\/wp-content\/uploads\/2021\/07\/colombia-national-flag-isolated-3d-white-background-1.jpg","type":"image\/jpeg"}],"author":"GreenLUser","twitter_card":"summary_large_image","twitter_misc":{"Escrito por":"GreenLUser","Tiempo de lectura":"2 minutos"},"schema":{"@context":"https:\/\/schema.org","@graph":[{"@type":"Article","@id":"https:\/\/green-loop.com\/eng\/sin-categoria\/thirty-years-of-the-green-constitution\/#article","isPartOf":{"@id":"https:\/\/green-loop.com\/eng\/sin-categoria\/thirty-years-of-the-green-constitution\/"},"author":{"name":"GreenLUser","@id":"https:\/\/green-loop.com\/eng\/#\/schema\/person\/fd64065343144569b2a168a8761933d4"},"headline":"Thirty years of the Green Constitution","datePublished":"2021-07-30T13:34:40+00:00","dateModified":"2021-07-30T13:34:44+00:00","mainEntityOfPage":{"@id":"https:\/\/green-loop.com\/eng\/sin-categoria\/thirty-years-of-the-green-constitution\/"},"wordCount":430,"commentCount":0,"publisher":{"@id":"https:\/\/green-loop.com\/eng\/#organization"},"image":{"@id":"https:\/\/green-loop.com\/eng\/sin-categoria\/thirty-years-of-the-green-constitution\/#primaryimage"},"thumbnailUrl":"https:\/\/green-loop.com\/eng\/wp-content\/uploads\/2021\/07\/colombia-national-flag-isolated-3d-white-background-1.jpg","inLanguage":"es","potentialAction":[{"@type":"CommentAction","name":"Comment","target":["https:\/\/green-loop.com\/eng\/sin-categoria\/thirty-years-of-the-green-constitution\/#respond"]}]},{"@type":"WebPage","@id":"https:\/\/green-loop.com\/eng\/sin-categoria\/thirty-years-of-the-green-constitution\/","url":"https:\/\/green-loop.com\/eng\/sin-categoria\/thirty-years-of-the-green-constitution\/","name":"Thirty years of the Green Constitution - Green Loop","isPartOf":{"@id":"https:\/\/green-loop.com\/eng\/#website"},"primaryImageOfPage":{"@id":"https:\/\/green-loop.com\/eng\/sin-categoria\/thirty-years-of-the-green-constitution\/#primaryimage"},"image":{"@id":"https:\/\/green-loop.com\/eng\/sin-categoria\/thirty-years-of-the-green-constitution\/#primaryimage"},"thumbnailUrl":"https:\/\/green-loop.com\/eng\/wp-content\/uploads\/2021\/07\/colombia-national-flag-isolated-3d-white-background-1.jpg","datePublished":"2021-07-30T13:34:40+00:00","dateModified":"2021-07-30T13:34:44+00:00","breadcrumb":{"@id":"https:\/\/green-loop.com\/eng\/sin-categoria\/thirty-years-of-the-green-constitution\/#breadcrumb"},"inLanguage":"es","potentialAction":[{"@type":"ReadAction","target":["https:\/\/green-loop.com\/eng\/sin-categoria\/thirty-years-of-the-green-constitution\/"]}]},{"@type":"ImageObject","inLanguage":"es","@id":"https:\/\/green-loop.com\/eng\/sin-categoria\/thirty-years-of-the-green-constitution\/#primaryimage","url":"https:\/\/green-loop.com\/eng\/wp-content\/uploads\/2021\/07\/colombia-national-flag-isolated-3d-white-background-1.jpg","contentUrl":"https:\/\/green-loop.com\/eng\/wp-content\/uploads\/2021\/07\/colombia-national-flag-isolated-3d-white-background-1.jpg","width":1000,"height":538,"caption":"Colombia National Flag Isolated 3D White Background"},{"@type":"BreadcrumbList","@id":"https:\/\/green-loop.com\/eng\/sin-categoria\/thirty-years-of-the-green-constitution\/#breadcrumb","itemListElement":[{"@type":"ListItem","position":1,"name":"Portada","item":"https:\/\/green-loop.com\/eng\/"},{"@type":"ListItem","position":2,"name":"Thirty years of the Green Constitution"}]},{"@type":"WebSite","@id":"https:\/\/green-loop.com\/eng\/#website","url":"https:\/\/green-loop.com\/eng\/","name":"Green Loop","description":"Sustainable Architecture &amp; Engineering","publisher":{"@id":"https:\/\/green-loop.com\/eng\/#organization"},"potentialAction":[{"@type":"SearchAction","target":{"@type":"EntryPoint","urlTemplate":"https:\/\/green-loop.com\/eng\/?s={search_term_string}"},"query-input":{"@type":"PropertyValueSpecification","valueRequired":true,"valueName":"search_term_string"}}],"inLanguage":"es"},{"@type":"Organization","@id":"https:\/\/green-loop.com\/eng\/#organization","name":"Green Loop","url":"https:\/\/green-loop.com\/eng\/","logo":{"@type":"ImageObject","inLanguage":"es","@id":"https:\/\/green-loop.com\/eng\/#\/schema\/logo\/image\/","url":"https:\/\/green-loop.com\/eng\/wp-content\/uploads\/2020\/10\/Logo-Principal-sin-since-blanco-fondo-transparente-copy-2.jpg","contentUrl":"https:\/\/green-loop.com\/eng\/wp-content\/uploads\/2020\/10\/Logo-Principal-sin-since-blanco-fondo-transparente-copy-2.jpg","width":844,"height":485,"caption":"Green Loop"},"image":{"@id":"https:\/\/green-loop.com\/eng\/#\/schema\/logo\/image\/"},"sameAs":["https:\/\/www.instagram.com\/greenloopltda\/","https:\/\/www.linkedin.com\/company\/2391124\/admin\/feed\/posts\/"]},{"@type":"Person","@id":"https:\/\/green-loop.com\/eng\/#\/schema\/person\/fd64065343144569b2a168a8761933d4","name":"GreenLUser","image":{"@type":"ImageObject","inLanguage":"es","@id":"https:\/\/green-loop.com\/eng\/#\/schema\/person\/image\/","url":"https:\/\/secure.gravatar.com\/avatar\/fccc65f8c80efc85058eb4efa47e3b281323ec2de76fae98de4e7bcd675c9625?s=96&d=mm&r=g","contentUrl":"https:\/\/secure.gravatar.com\/avatar\/fccc65f8c80efc85058eb4efa47e3b281323ec2de76fae98de4e7bcd675c9625?s=96&d=mm&r=g","caption":"GreenLUser"},"sameAs":["https:\/\/190.147.155.248\/~amdcep\/greenloop"],"url":"https:\/\/green-loop.com\/eng\/author\/greenluser\/"}]}},"_links":{"self":[{"href":"https:\/\/green-loop.com\/eng\/wp-json\/wp\/v2\/posts\/5837","targetHints":{"allow":["GET"]}}],"collection":[{"href":"https:\/\/green-loop.com\/eng\/wp-json\/wp\/v2\/posts"}],"about":[{"href":"https:\/\/green-loop.com\/eng\/wp-json\/wp\/v2\/types\/post"}],"author":[{"embeddable":true,"href":"https:\/\/green-loop.com\/eng\/wp-json\/wp\/v2\/users\/1"}],"replies":[{"embeddable":true,"href":"https:\/\/green-loop.com\/eng\/wp-json\/wp\/v2\/comments?post=5837"}],"version-history":[{"count":0,"href":"https:\/\/green-loop.com\/eng\/wp-json\/wp\/v2\/posts\/5837\/revisions"}],"wp:featuredmedia":[{"embeddable":true,"href":"https:\/\/green-loop.com\/eng\/wp-json\/wp\/v2\/media\/5838"}],"wp:attachment":[{"href":"https:\/\/green-loop.com\/eng\/wp-json\/wp\/v2\/media?parent=5837"}],"wp:term":[{"taxonomy":"category","embeddable":true,"href":"https:\/\/green-loop.com\/eng\/wp-json\/wp\/v2\/categories?post=5837"},{"taxonomy":"post_tag","embeddable":true,"href":"https:\/\/green-loop.com\/eng\/wp-json\/wp\/v2\/tags?post=5837"}],"curies":[{"name":"wp","href":"https:\/\/api.w.org\/{rel}","templated":true}]}}